{"id":35,"date":"2025-06-26T18:03:17","date_gmt":"2025-06-26T18:03:17","guid":{"rendered":"https:\/\/staging.enactpartnership.org\/advancing-nature-based-solutions-through-collective-action-enact-2025-partner-meeting-highlights\/"},"modified":"2025-06-26T18:03:17","modified_gmt":"2025-06-26T18:03:17","slug":"advancing-nature-based-solutions-through-collective-action-enact-2025-partner-meeting-highlights","status":"publish","type":"post","link":"https:\/\/enactpartnership.org\/fr\/promouvoir-des-solutions-fondees-sur-la-nature-grace-a-une-action-collective-points-saillants-de-la-reunion-des-partenaires-denact-2025\/","title":{"rendered":"Promouvoir les solutions fond\u00e9es sur la nature gr\u00e2ce \u00e0 l&#039;action collective\u00a0: points saillants de la r\u00e9union des partenaires d&#039;ENACT 2025\u00a0"},"content":{"rendered":"<figure class=\"wp-block-image aligncenter size-large is-resized\"><img decoding=\"async\" src=\"https:\/\/enactpartnership.org\/wp-content\/uploads\/2025\/06\/ENACT-image-4-1024x681.jpeg\" alt=\"\" class=\"wp-image-7461\" style=\"width:512px;height:auto\"\/><\/figure>\n\n\n\n<p class=\"wp-block-paragraph\"><\/p>\n\n\n\n<p class=\"wp-block-paragraph\">Le 24 juin 2025, les partenaires d&#039;ENACT se sont r\u00e9unis \u00e0 Bonn et en ligne pour faire le point sur les progr\u00e8s r\u00e9alis\u00e9s, aligner les priorit\u00e9s sur la voie vers <a href=\"https:\/\/cop30.br\/en\" target=\"_blank\" rel=\"noreferrer noopener\">COP30<\/a>et explorer comment la collaboration peut acc\u00e9l\u00e9rer l&#039;adoption des solutions fond\u00e9es sur la nature (SfN) dans le monde entier. La r\u00e9union, co-organis\u00e9e par les copr\u00e9sidents d&#039;ENACT \u2014 <a href=\"https:\/\/www.eeaa.gov.eg\/\" target=\"_blank\" rel=\"noreferrer noopener\">Minist\u00e8re \u00e9gyptien de l&#039;environnement<\/a>, <a href=\"https:\/\/www.bundesumweltministerium.de\/en\/\" target=\"_blank\" rel=\"noreferrer noopener\">Minist\u00e8re f\u00e9d\u00e9ral allemand de l&#039;environnement, de l&#039;action pour le climat, de la protection de la nature et de la s\u00e9curit\u00e9 nucl\u00e9aire<\/a>, et <a href=\"https:\/\/iucn.org\/\" target=\"_blank\" rel=\"noreferrer noopener\">UICN<\/a> \u2014 a r\u00e9uni des repr\u00e9sentants gouvernementaux, des institutions mondiales et des observateurs pour discuter de l&#039;alignement des politiques, du financement, de l&#039;engagement strat\u00e9gique et des voies de mise en \u0153uvre \u00e0 travers le <a href=\"https:\/\/unfccc.int\/process-and-meetings\/the-rio-conventions\" target=\"_blank\" rel=\"noreferrer noopener\">Conventions de Rio<\/a>.&nbsp;<\/p>\n\n\n\n<p class=\"wp-block-paragraph\"><strong>R\u00e9flexion sur les progr\u00e8s et l&#039;\u00e9lan<\/strong>&nbsp;<\/p>\n\n\n\n<p class=\"wp-block-paragraph\">Dans son discours d&#039;ouverture, l&#039;Allemagne a r\u00e9affirm\u00e9 l&#039;engagement continu du gouvernement envers ENACT sous sa nouvelle administration. L&#039;\u00c9gypte a retrac\u00e9 l&#039;\u00e9volution du partenariat et son ambition de servir de mouvement mondial catalyseur d&#039;actions en mati\u00e8re de solutions fond\u00e9es sur la nature \u00e0 grande \u00e9chelle.&nbsp;<\/p>\n\n\n\n<p class=\"wp-block-paragraph\">Le Secr\u00e9tariat a pr\u00e9sent\u00e9 des mises \u00e0 jour sur l&#039;influence croissante d&#039;ENACT, y compris les contributions des partenaires aux principaux produits de connaissance, l&#039;engagement dans des \u00e9v\u00e9nements politiques de haut niveau tels que <a href=\"https:\/\/www.cop28.com\/en\/joint-statement-on-climate-nature\" target=\"_blank\" rel=\"noreferrer noopener\">D\u00e9claration conjointe de la COP28 sur le climat, la nature et les populations<\/a>, <a href=\"https:\/\/iucn.org\/news\/202411\/iucn-co-hosts-nature-and-biodiversity-day-cop29-presidency-global-climate-change-talks\" target=\"_blank\" rel=\"noreferrer noopener\">Journ\u00e9e de la nature et de la biodiversit\u00e9 de la COP29 \u00c9v\u00e9nements minist\u00e9riels<\/a>, et le soutien minist\u00e9riel de haut niveau de la COP16 \u00e0 l&#039;agenda nature-climat, ainsi que la publication de rapports phares. Il s&#039;agit notamment du <a href=\"https:\/\/iucn.org\/sites\/default\/files\/2024-03\/iucn_state-of-enact-nbs-goals-report.pdf\" target=\"_blank\" rel=\"noreferrer noopener\"><em>Rapport sur l&#039;\u00e9tat des objectifs ENACT NbS<\/em><\/a>, le <a href=\"https:\/\/iucn.org\/sites\/default\/files\/2024-10\/enact-2024-nature-based-solutions-discussion-paper.pdf\" target=\"_blank\" rel=\"noreferrer noopener\"><em>Document de discussion ENACT 2024 sur les NbS<\/em><\/a>, et le <a href=\"https:\/\/iucn.org\/sites\/default\/files\/2023-12\/iucn_enact_cop28.pdf\" target=\"_blank\" rel=\"noreferrer noopener\"><em>COP28 PROC\u00c9DER<\/em> Points forts<\/a>\u2014 autant d\u2019\u00e9l\u00e9ments qui ont contribu\u00e9 \u00e0 faire progresser la reconnaissance mondiale du r\u00f4le de la nature dans l\u2019action climatique.&nbsp;<\/p>\n\n\n\n<p class=\"wp-block-paragraph\">Depuis 2023, ENACT s&#039;est d\u00e9velopp\u00e9 et compte d\u00e9sormais 22 acteurs \u00e9tatiques et non \u00e9tatiques de tous les continents. Rien qu&#039;en 2025, les \u00e9tapes marquantes incluent le lancement d&#039;un plan de travail actualis\u00e9, d&#039;une nouvelle strat\u00e9gie de communication et d&#039;un nouveau site web, ainsi que le lancement d&#039;une m\u00e9thodologie pilote pour suivre les progr\u00e8s en mati\u00e8re de solutions fond\u00e9es sur la nature.&nbsp;<\/p>\n\n\n\n<figure class=\"wp-block-image aligncenter size-large is-resized\"><img decoding=\"async\" src=\"https:\/\/enactpartnership.org\/wp-content\/uploads\/2025\/06\/ENACT-image-3-1-1024x681.jpeg\" alt=\"\" class=\"wp-image-7462\" style=\"width:497px;height:auto\"\/><\/figure>\n\n\n\n<p class=\"wp-block-paragraph\"><\/p>\n\n\n\n<p class=\"wp-block-paragraph\"><strong>Perspectives des partenaires\u00a0: progr\u00e8s, priorit\u00e9s et collaboration<\/strong>&nbsp;<\/p>\n\n\n\n<p class=\"wp-block-paragraph\">Un \u00e9change riche de mises \u00e0 jour a mis en \u00e9vidence l&#039;ampleur du travail men\u00e9 en mati\u00e8re de solutions fond\u00e9es sur la nature \u00e0 travers le monde. La Suisse a pr\u00e9sent\u00e9 ses politiques actuelles, notamment une strat\u00e9gie int\u00e9gr\u00e9e pour les for\u00eats et le bois, une <a href=\"https:\/\/www.bafu.admin.ch\/bafu\/en\/home\/topics\/biodiversity\/policy\/swiss-biodiversity-strategy-and-action-plan.html\" target=\"_blank\" rel=\"noreferrer noopener\">Plan d&#039;action pour la biodiversit\u00e9 2025-2030<\/a> et des indicateurs de r\u00e9silience. <a href=\"https:\/\/www.bafu.admin.ch\/bafu\/en\/home\/topics\/climate\/info-specialists\/adaptation\/foerderprogramm-anpassung.html\" target=\"_blank\" rel=\"noreferrer noopener\">Adapt+<\/a> Le financement initial contribue \u00e0 l&#039;expansion des solutions fond\u00e9es sur la nature \u00e0 l&#039;\u00e9chelle nationale, tandis que les mesures d&#039;adaptation se concentrent sur la gestion foresti\u00e8re, la pr\u00e9vention des incendies, la lutte antiparasitaire et la cr\u00e9ation de paysages r\u00e9silients. Les priorit\u00e9s de la Suisse pour la COP30 incluent l&#039;alignement des trajectoires nationales sur les objectifs mondiaux et la mise en \u00e9vidence des liens entre for\u00eats, nature et bien-\u00eatre humain. Une opportunit\u00e9 de coop\u00e9ration avec l&#039;Allemagne dans le cadre de la <a href=\"https:\/\/www.alpconv.org\/en\/home\/\" target=\"_blank\" rel=\"noreferrer noopener\">Convention alpine<\/a> La pr\u00e9sidence a \u00e9galement \u00e9t\u00e9 soulign\u00e9e.&nbsp;<\/p>\n\n\n\n<p class=\"wp-block-paragraph\">Le <a href=\"https:\/\/www.unep.org\/\" target=\"_blank\" rel=\"noreferrer noopener\">Programme des Nations Unies pour l&#039;environnement (PNUE)<\/a> et son <a href=\"https:\/\/www.unep-wcmc.org\/en\" target=\"_blank\" rel=\"noreferrer noopener\">Centre mondial de surveillance de la conservation (WCMC)<\/a> partag\u00e9 la renaissance de la <a href=\"https:\/\/wasp-adaptation.org\/\" target=\"_blank\" rel=\"noreferrer noopener\">Programme mondial de science de l&#039;adaptation (WASP)<\/a> pour stimuler la science de l&#039;adaptation, l&#039;exploration des liens entre les solutions fond\u00e9es sur la nature et les m\u00e9canismes de financement comme le <a href=\"https:\/\/globalebafund.org\/\" target=\"_blank\" rel=\"noreferrer noopener\">Fonds mondial EbA<\/a> et le <a href=\"https:\/\/www.adaptation-fund.org\/\" target=\"_blank\" rel=\"noreferrer noopener\">Fonds d&#039;adaptation<\/a>, et des efforts de renforcement des capacit\u00e9s, notamment par l&#039;apprentissage en ligne et l&#039;orientation politique. Ils d\u00e9veloppent \u00e9galement <a href=\"https:\/\/www.cbd.int\/secretariat\" target=\"_blank\" rel=\"noreferrer noopener\">Convention sur la diversit\u00e9 biologique (CDB)<\/a> directives volontaires sur l&#039;adaptation fond\u00e9e sur les \u00e9cosyst\u00e8mes (EbA) et la r\u00e9duction des risques de catastrophe, et souhaitent accro\u00eetre l&#039;engagement du secteur priv\u00e9 et se pr\u00e9parer \u00e0 la <a href=\"https:\/\/adaptationfutures2025.com\/\" target=\"_blank\" rel=\"noreferrer noopener\">Conf\u00e9rence sur l&#039;adaptation future<\/a> en octobre 2025.&nbsp;<\/p>\n\n\n\n<p class=\"wp-block-paragraph\">L&#039;Espagne a indiqu\u00e9 qu&#039;elle int\u00e9grait les solutions fond\u00e9es sur la nature dans ses politiques de restauration. Le Canada applique les solutions fond\u00e9es sur la nature \u00e0 ses strat\u00e9gies nationales d&#039;\u00e9missions et d&#039;adaptation, tout en soutenant les efforts de financement internationaux par le biais de m\u00e9canismes tels que le <a href=\"https:\/\/www.thegef.org\/\" target=\"_blank\" rel=\"noreferrer noopener\">Fonds pour l&#039;environnement mondial (FEM)<\/a> et le <a href=\"https:\/\/www.greenclimate.fund\/\" target=\"_blank\" rel=\"noreferrer noopener\">Fonds vert pour le climat (FVC)<\/a>. Il fait \u00e9galement progresser la r\u00e9silience des oc\u00e9ans gr\u00e2ce \u00e0 <a href=\"https:\/\/oceanriskalliance.org\/\" target=\"_blank\" rel=\"noreferrer noopener\">Alliance d\u2019action contre les risques oc\u00e9aniques et la r\u00e9silience (ORRAA)<\/a> et soutenir le financement de la CDB pour les garanties sociales li\u00e9es aux solutions fond\u00e9es sur la nature dans le cadre de sa pr\u00e9sidence du G7.&nbsp;<\/p>\n\n\n\n<p class=\"wp-block-paragraph\"><a href=\"https:\/\/www.keidanren.or.jp\/en\/\" target=\"_blank\" rel=\"noreferrer noopener\">Keidanren<\/a>, la f\u00e9d\u00e9ration des entreprises japonaises, a soulign\u00e9 l&#039;importance des solutions fond\u00e9es sur la nature dans le d\u00e9veloppement urbain, notamment en ce qui concerne la r\u00e9silience urbaine et la r\u00e9duction des risques de catastrophe. Un groupe de recherche d\u00e9di\u00e9 \u00e0 <a href=\"https:\/\/www.env.go.jp\/en\/\" target=\"_blank\" rel=\"noreferrer noopener\">Minist\u00e8re japonais de l&#039;environnement<\/a> travaille \u00e0 relier les NbS \u00e0 la valeur \u00e9conomique.&nbsp;<\/p>\n\n\n\n<p class=\"wp-block-paragraph\">L&#039;Union europ\u00e9enne (UE) a inform\u00e9 les participants des d\u00e9veloppements dans le cadre de l&#039;accord. <a href=\"https:\/\/commission.europa.eu\/strategy-and-policy\/priorities-2019-2024\/european-green-deal_en\" target=\"_blank\" rel=\"noreferrer noopener\">Pacte vert pour l&#039;UE<\/a>, <a href=\"https:\/\/research-and-innovation.ec.europa.eu\/funding\/funding-opportunities\/funding-programmes-and-open-calls\/horizon-europe_en\" target=\"_blank\" rel=\"noreferrer noopener\">Horizon Europe<\/a>L&#039;initiative Biodiversit\u00e9+, les mesures d&#039;adaptation et la <a href=\"https:\/\/new-european-bauhaus.europa.eu\/index_en\" target=\"_blank\" rel=\"noreferrer noopener\">Nouveau Bauhaus europ\u00e9en<\/a> initiative. Les Pays-Bas mettent en \u0153uvre des solutions fond\u00e9es sur la nature dans la restauration des for\u00eats et des paysages, poursuivant un programme de connaissances et d&#039;innovation de 10 ans et travaillant sur une carte mondiale des opportunit\u00e9s de solutions fond\u00e9es sur la nature.&nbsp;<\/p>\n\n\n\n<p class=\"wp-block-paragraph\">Le <a href=\"https:\/\/www.climatechampions.net\/\" target=\"_blank\" rel=\"noreferrer noopener\">Champions de haut niveau pour le climat<\/a> La pr\u00e9sidence de la COP30 \u00e9labore actuellement des axes th\u00e9matiques pour coordonner les initiatives existantes. \u00c0 ce jour, plus de 400 initiatives ont \u00e9t\u00e9 recens\u00e9es afin d&#039;identifier les synergies avec les autres conventions de Rio et de d\u00e9finir un programme d&#039;action solide pour la COP30.&nbsp;<\/p>\n\n\n\n<p class=\"wp-block-paragraph\">L&#039;Allemagne a pr\u00e9sent\u00e9 sa politique continue <a href=\"https:\/\/www.bmuv.de\/fileadmin\/Daten_BMU\/Pools\/Broschueren\/ank_publikation_en_bf.pdf\" target=\"_blank\" rel=\"noreferrer noopener\">Plan d&#039;action pour les solutions fond\u00e9es sur la nature<\/a> et d\u00e9crit comment la mise en \u0153uvre nationale est men\u00e9e par diff\u00e9rents minist\u00e8res. Le pays soutient le d\u00e9veloppement d&#039;un p\u00f4le europ\u00e9en des SfN au bureau de l&#039;UICN \u00e0 Bonn et a soulign\u00e9 des d\u00e9fis tels que le chevauchement des financements de la biodiversit\u00e9 et des SfN, le double comptage, l&#039;absence de r\u00e9f\u00e9rences explicites aux SfN dans les contributions europ\u00e9ennes d\u00e9termin\u00e9es au niveau national (CDN).&nbsp;<\/p>\n\n\n\n<p class=\"wp-block-paragraph\">L\u2019\u00c9gypte a d\u00e9crit comment ses CDN et <a href=\"https:\/\/www.cbd.int\/doc\/world\/eg\/eg-nbsap-v2-en.pdf\" target=\"_blank\" rel=\"noreferrer noopener\">Strat\u00e9gie et plan d&#039;action nationaux pour la biodiversit\u00e9<\/a> (NBSAP) int\u00e8gre les NbS, avec des projets majeurs tels que ceux du delta du Nil soutenus par un financement du GCF.&nbsp;<\/p>\n\n\n\n<figure class=\"wp-block-image aligncenter size-large is-resized\"><img decoding=\"async\" src=\"https:\/\/enactpartnership.org\/wp-content\/uploads\/2025\/06\/ENACT-image-2-1024x681.jpeg\" alt=\"\" class=\"wp-image-7459\" style=\"width:487px;height:auto\"\/><\/figure>\n\n\n\n<p class=\"wp-block-paragraph\"><\/p>\n\n\n\n<p class=\"wp-block-paragraph\"><strong>Renforcer ENACT en tant que plateforme d&#039;action commune<\/strong>&nbsp;<\/p>\n\n\n\n<p class=\"wp-block-paragraph\">La r\u00e9union a soulign\u00e9 la valeur unique d\u2019ENACT en tant que plateforme de rassemblement et mouvement de visibilit\u00e9 politique, de partage des connaissances et de collaboration strat\u00e9gique.&nbsp;<\/p>\n\n\n\n<p class=\"wp-block-paragraph\">Des th\u00e8mes cl\u00e9s ont \u00e9merg\u00e9 autour du renforcement de l&#039;engagement politique de haut niveau et de l&#039;acc\u00e8s \u00e0 de nouveaux secteurs. Les participants ont discut\u00e9 de la mani\u00e8re de tirer parti de la COP30 pour accro\u00eetre la visibilit\u00e9 des objectifs d&#039;ENACT, notamment en organisant \u00e9ventuellement un \u00e9v\u00e9nement de haut niveau ou une table ronde minist\u00e9rielle. Le Br\u00e9sil et l&#039;\u00c9gypte ont appel\u00e9 \u00e0 mobiliser les ministres des Finances afin de positionner les solutions fond\u00e9es sur la nature comme une solution climatique essentielle.&nbsp;<\/p>\n\n\n\n<p class=\"wp-block-paragraph\">Un large consensus s&#039;est d\u00e9gag\u00e9 sur la n\u00e9cessit\u00e9 d&#039;\u00e9largir la collaboration au-del\u00e0 des minist\u00e8res de l&#039;Environnement pour inclure les secteurs de l&#039;eau, de l&#039;\u00e9nergie, de la r\u00e9duction des risques de catastrophe, de l&#039;agriculture et des finances. Les repr\u00e9sentants de l&#039;Allemagne et de l&#039;\u00c9gypte ont soulign\u00e9 que la collaboration interminist\u00e9rielle am\u00e9liore l&#039;adoption et la transf\u00e9rabilit\u00e9 des politiques.&nbsp;<\/p>\n\n\n\n<p class=\"wp-block-paragraph\">Le partage des connaissances et la coop\u00e9ration ont \u00e9galement \u00e9t\u00e9 soulign\u00e9s comme des priorit\u00e9s. Les Pays-Bas ont propos\u00e9 un \u00e9v\u00e9nement d&#039;\u00e9change de connaissances sur les meilleures pratiques et les outils, tandis que le PNUE a soulign\u00e9 l&#039;importance d&#039;\u00e9laborer des orientations politiques collectives de haut niveau. Les partenaires ont \u00e9t\u00e9 encourag\u00e9s \u00e0 identifier des actions conjointes et r\u00e9alistes qui valorisent les discussions mondiales sur les solutions fond\u00e9es sur la nature.&nbsp;<\/p>\n\n\n\n<p class=\"wp-block-paragraph\">Les mesures concr\u00e8tes propos\u00e9es comprenaient l&#039;\u00e9laboration d&#039;une feuille de route ENACT pour la COP30 afin de d\u00e9finir les priorit\u00e9s communes et une session minist\u00e9rielle de haut niveau, l&#039;organisation de s\u00e9ances d&#039;apprentissage internes pr\u00e9sid\u00e9es par les partenaires int\u00e9ress\u00e9s et le renforcement de la sensibilisation aupr\u00e8s des minist\u00e8res au-del\u00e0 de la sph\u00e8re environnementale. L&#039;am\u00e9lioration de la sensibilisation aupr\u00e8s de nouveaux partenaires strat\u00e9giques, tels que les pr\u00e9sidences de la COP, et l&#039;\u00e9laboration d&#039;un plan de communication pour mettre en avant les r\u00e9ussites, la dynamique des solutions fond\u00e9es sur la nature et la participation aux activit\u00e9s de l&#039;UICN. <a href=\"https:\/\/iucncongress2025.org\/\" target=\"_blank\" rel=\"noreferrer noopener\">Congr\u00e8s mondial de la nature (WCC)<\/a> ont \u00e9galement \u00e9t\u00e9 convenus.&nbsp;<\/p>\n\n\n\n<figure class=\"wp-block-image aligncenter size-large is-resized\"><img decoding=\"async\" src=\"https:\/\/enactpartnership.org\/wp-content\/uploads\/2025\/06\/ENACT-image-1-1024x681.jpeg\" alt=\"\" class=\"wp-image-7458\" style=\"width:501px;height:auto\"\/><\/figure>\n\n\n\n<p class=\"wp-block-paragraph\"><\/p>\n\n\n\n<p class=\"wp-block-paragraph\"><strong>Mesurer les progr\u00e8s avec un objectif<\/strong>&nbsp;<\/p>\n\n\n\n<p class=\"wp-block-paragraph\">Le PNUE-WCMC a pr\u00e9sent\u00e9 un projet de cadre pilote de reporting des SfN, con\u00e7u pour suivre les contributions des partenaires aux objectifs d&#039;ENACT. Ce cadre comprend des indicateurs cl\u00e9s et des balises optionnelles telles que le type de SfN, les b\u00e9n\u00e9ficiaires et l&#039;attribution du succ\u00e8s. Il est con\u00e7u pour s&#039;aligner sur les processus de reporting de la Convention de Rio tout en \u00e9vitant les doublons.&nbsp;<\/p>\n\n\n\n<p class=\"wp-block-paragraph\">Les partenaires ont appr\u00e9ci\u00e9 l&#039;initiative et ont apport\u00e9 de pr\u00e9cieux commentaires, notamment sur la n\u00e9cessit\u00e9 de garantir que le reporting reste pratique et strat\u00e9gique. Un large consensus s&#039;est d\u00e9gag\u00e9 sur le fait que le cadre devrait renforcer la capacit\u00e9 d&#039;ENACT \u00e0 pr\u00e9senter un r\u00e9cit convaincant de son impact. Une session d\u00e9di\u00e9e sera organis\u00e9e pour affiner la m\u00e9thodologie et d\u00e9finir une voie commune.&nbsp;<\/p>\n\n\n\n<p class=\"wp-block-paragraph\"><strong>Regard vers l&#039;avenir<\/strong>&nbsp;<\/p>\n\n\n\n<p class=\"wp-block-paragraph\">La r\u00e9union s\u2019est conclue par un engagement \u00e0 poursuivre la collaboration et \u00e0 renforcer l\u2019\u00e9lan, le groupe central se r\u00e9unissant prochainement pour d\u00e9finir la ligne de conduite commune.&nbsp;<\/p>\n\n\n\n<p class=\"wp-block-paragraph\">ENACT continue de servir de phare pour la coop\u00e9ration mondiale sur les solutions fond\u00e9es sur la nature, offrant une plateforme pour construire une ambition partag\u00e9e, approfondir les partenariats et conduire des actions vers un avenir plus r\u00e9silient et plus positif pour la nature.&nbsp;<\/p>","protected":false},"excerpt":{"rendered":"<p>On 24 June 2025, ENACT partners came together in Bonn and online to take stock of progress, align priorities for [&hellip;]<\/p>\n","protected":false},"author":0,"featured_media":36,"comment_status":"open","ping_status":"open","sticky":false,"template":"","format":"standard","meta":{"_acf_changed":false,"site-sidebar-layout":"default","site-content-layout":"","ast-site-content-layout":"default","site-content-style":"default","site-sidebar-style":"default","ast-global-header-display":"","ast-banner-title-visibility":"","ast-main-header-display":"","ast-hfb-above-header-display":"","ast-hfb-below-header-display":"","ast-hfb-mobile-header-display":"","site-post-title":"","ast-breadcrumbs-content":"","ast-featured-img":"","footer-sml-layout":"","ast-disable-related-posts":"","theme-transparent-header-meta":"","adv-header-id-meta":"","stick-header-meta":"","header-above-stick-meta":"","header-main-stick-meta":"","header-below-stick-meta":"","astra-migrate-meta-layouts":"default","ast-page-background-enabled":"default","ast-page-background-meta":{"desktop":{"background-color":"var(--ast-global-color-5)","background-image":"","background-repeat":"repeat","background-position":"center center","background-size":"auto","background-attachment":"scroll","background-type":"","background-media":"","overlay-type":"","overlay-color":"","overlay-opacity":"","overlay-gradient":""},"tablet":{"background-color":"","background-image":"","background-repeat":"repeat","background-position":"center center","background-size":"auto","background-attachment":"scroll","background-type":"","background-media":"","overlay-type":"","overlay-color":"","overlay-opacity":"","overlay-gradient":""},"mobile":{"background-color":"","background-image":"","background-repeat":"repeat","background-position":"center center","background-size":"auto","background-attachment":"scroll","background-type":"","background-media":"","overlay-type":"","overlay-color":"","overlay-opacity":"","overlay-gradient":""}},"ast-content-background-meta":{"desktop":{"background-color":"var(--ast-global-color-4)","background-image":"","background-repeat":"repeat","background-position":"center center","background-size":"auto","background-attachment":"scroll","background-type":"","background-media":"","overlay-type":"","overlay-color":"","overlay-opacity":"","overlay-gradient":""},"tablet":{"background-color":"var(--ast-global-color-4)","background-image":"","background-repeat":"repeat","background-position":"center center","background-size":"auto","background-attachment":"scroll","background-type":"","background-media":"","overlay-type":"","overlay-color":"","overlay-opacity":"","overlay-gradient":""},"mobile":{"background-color":"var(--ast-global-color-4)","background-image":"","background-repeat":"repeat","background-position":"center center","background-size":"auto","background-attachment":"scroll","background-type":"","background-media":"","overlay-type":"","overlay-color":"","overlay-opacity":"","overlay-gradient":""}},"footnotes":""},"categories":[2],"tags":[],"class_list":["post-35","post","type-post","status-publish","format-standard","has-post-thumbnail","hentry","category-news"],"acf":[],"_links":{"self":[{"href":"https:\/\/enactpartnership.org\/fr\/wp-json\/wp\/v2\/posts\/35","targetHints":{"allow":["GET"]}}],"collection":[{"href":"https:\/\/enactpartnership.org\/fr\/wp-json\/wp\/v2\/posts"}],"about":[{"href":"https:\/\/enactpartnership.org\/fr\/wp-json\/wp\/v2\/types\/post"}],"replies":[{"embeddable":true,"href":"https:\/\/enactpartnership.org\/fr\/wp-json\/wp\/v2\/comments?post=35"}],"version-history":[{"count":0,"href":"https:\/\/enactpartnership.org\/fr\/wp-json\/wp\/v2\/posts\/35\/revisions"}],"wp:featuredmedia":[{"embeddable":true,"href":"https:\/\/enactpartnership.org\/fr\/wp-json\/wp\/v2\/media\/36"}],"wp:attachment":[{"href":"https:\/\/enactpartnership.org\/fr\/wp-json\/wp\/v2\/media?parent=35"}],"wp:term":[{"taxonomy":"category","embeddable":true,"href":"https:\/\/enactpartnership.org\/fr\/wp-json\/wp\/v2\/categories?post=35"},{"taxonomy":"post_tag","embeddable":true,"href":"https:\/\/enactpartnership.org\/fr\/wp-json\/wp\/v2\/tags?post=35"}],"curies":[{"name":"wp","href":"https:\/\/api.w.org\/{rel}","templated":true}]}}